{"id":189,"date":"2021-12-24T11:49:52","date_gmt":"2021-12-24T11:49:52","guid":{"rendered":"http:\/\/flutuando.net\/?p=189"},"modified":"2021-12-25T19:00:38","modified_gmt":"2021-12-25T19:00:38","slug":"cabeca-never-heard-of-it","status":"publish","type":"post","link":"http:\/\/flutuando.net\/index.php\/2021\/12\/24\/cabeca-never-heard-of-it\/","title":{"rendered":"Cabe\u00e7a? Never heard of it"},"content":{"rendered":"\n<p>O Guardian tamb\u00e9m me traz &#8220;not\u00edcias da minha terra&#8221;<\/p>\n\n\n\n<h1 class=\"wp-block-heading\">Welcome to Cabe\u00e7a, the Christmas capital of Portugal<\/h1>\n\n\n\n<figure class=\"wp-block-image\" id=\"3d472d33-e9ec-4461-a20c-3dbe88f2cf22\"><img decoding=\"async\" src=\"https:\/\/i.guim.co.uk\/img\/media\/03376f5fb18f70076ff7444946605aac16a842ea\/0_53_2657_1595\/master\/2657.jpg?width=465&amp;quality=45&amp;auto=format&amp;fit=max&amp;dpr=2&amp;s=f03bae41d9b0a0da4e37a4deb5b3dec3\" alt=\"When the sun sets, Cabe\u00e7a lights up with all the brilliance of the Star of Bethlehem.\"\/><\/figure>\n\n\n\n<p>When the sun sets, Cabe\u00e7a lights up with all the brilliance of the Star of Bethlehem. Photograph: Pedro Miguel Lourenco Costa Ribeiro\/Pedro Ribeiro \/ Centro de Portugal<\/p>\n\n\n\n<p>Every year this hilltop community becomes Christmas Village, a rustic, artisanal festive wonderland attracting visitors from far and wide<\/p>\n\n\n\n<p><a href=\" https:\/\/www.theguardian.com\/travel\/2021\/dec\/24\/cabeca-the-christmas-village-of-portugal\"> https:\/\/www.theguardian.com\/travel\/2021\/dec\/24\/cabeca-the-christmas-village-of-portugal<\/a><\/p>\n\n\n\n<figure class=\"wp-block-image size-large\"><img loading=\"lazy\" decoding=\"async\" width=\"1024\" height=\"614\" src=\"http:\/\/flutuando.net\/wp-content\/uploads\/2021\/12\/Cabeca-1024x614.webp\" alt=\"\" class=\"wp-image-191\" srcset=\"http:\/\/flutuando.net\/wp-content\/uploads\/2021\/12\/Cabeca-1024x614.webp 1024w, http:\/\/flutuando.net\/wp-content\/uploads\/2021\/12\/Cabeca-300x180.webp 300w, http:\/\/flutuando.net\/wp-content\/uploads\/2021\/12\/Cabeca-768x461.webp 768w, http:\/\/flutuando.net\/wp-content\/uploads\/2021\/12\/Cabeca-624x374.webp 624w, http:\/\/flutuando.net\/wp-content\/uploads\/2021\/12\/Cabeca.webp 1240w\" sizes=\"auto, (max-width: 1024px) 100vw, 1024px\" \/><\/figure>\n","protected":false},"excerpt":{"rendered":"<p>O Guardian tamb\u00e9m me traz &#8220;not\u00edcias da minha terra&#8221; Welcome to Cabe\u00e7a, the Christmas capital of Portugal When the sun sets, Cabe\u00e7a lights up with all the brilliance of the Star of Bethlehem. Photograph: Pedro Miguel Lourenco Costa Ribeiro\/Pedro Ribeiro \/ Centro de Portugal Every year this hilltop community becomes Christmas Village, a rustic, artisanal [&hellip;]<\/p>\n","protected":false},"author":1,"featured_media":0,"comment_status":"open","ping_status":"open","sticky":false,"template":"","format":"standard","meta":{"footnotes":""},"categories":[1],"tags":[],"class_list":["post-189","post","type-post","status-publish","format-standard","hentry","category-paz"],"_links":{"self":[{"href":"http:\/\/flutuando.net\/index.php\/wp-json\/wp\/v2\/posts\/189","targetHints":{"allow":["GET"]}}],"collection":[{"href":"http:\/\/flutuando.net\/index.php\/wp-json\/wp\/v2\/posts"}],"about":[{"href":"http:\/\/flutuando.net\/index.php\/wp-json\/wp\/v2\/types\/post"}],"author":[{"embeddable":true,"href":"http:\/\/flutuando.net\/index.php\/wp-json\/wp\/v2\/users\/1"}],"replies":[{"embeddable":true,"href":"http:\/\/flutuando.net\/index.php\/wp-json\/wp\/v2\/comments?post=189"}],"version-history":[{"count":4,"href":"http:\/\/flutuando.net\/index.php\/wp-json\/wp\/v2\/posts\/189\/revisions"}],"predecessor-version":[{"id":195,"href":"http:\/\/flutuando.net\/index.php\/wp-json\/wp\/v2\/posts\/189\/revisions\/195"}],"wp:attachment":[{"href":"http:\/\/flutuando.net\/index.php\/wp-json\/wp\/v2\/media?parent=189"}],"wp:term":[{"taxonomy":"category","embeddable":true,"href":"http:\/\/flutuando.net\/index.php\/wp-json\/wp\/v2\/categories?post=189"},{"taxonomy":"post_tag","embeddable":true,"href":"http:\/\/flutuando.net\/index.php\/wp-json\/wp\/v2\/tags?post=189"}],"curies":[{"name":"wp","href":"https:\/\/api.w.org\/{rel}","templated":true}]}}